{"id":325,"date":"2023-01-16T09:56:43","date_gmt":"2023-01-16T09:56:43","guid":{"rendered":"http:\/\/www.sonjahietaranta.fi\/?p=325"},"modified":"2023-01-16T10:03:32","modified_gmt":"2023-01-16T10:03:32","slug":"kaikissa-perheissa-ei-odoteta-koulun-alkamista","status":"publish","type":"post","link":"https:\/\/www.sonjahietaranta.fi\/?p=325","title":{"rendered":"<strong>Kaikissa perheiss\u00e4 ei odoteta koulun alkamista<\/strong>"},"content":{"rendered":"\n<p>Koulut aloittivat ty\u00f6ns\u00e4 t\u00e4ll\u00e4 viikolla. Useimmat lapset odottivat kouluun paluuta. Jossain perheiss\u00e4 koulun alkaminen aiheuttaa ahdistusta ja j\u00e4nnityst\u00e4 siit\u00e4, l\u00e4hteek\u00f6 nuori kouluun vai alkavatko vaikeudet aamuher\u00e4tyksist\u00e4 ja kouluun l\u00e4htemisest\u00e4 nuoren kanssa. Kouluun l\u00e4htemisen vaikeus johtua monesta syyst\u00e4, eik\u00e4 syyn\u00e4 aina ole viitsimisen puute.<\/p>\n\n\n\n<p>Koulupudokkaalla tarkoitetaan lasta tai nuorta, joka j\u00e4tt\u00e4\u00e4 oppivelvollisuutensa suorittamatta m\u00e4\u00e4r\u00e4ajassa tai keskeytt\u00e4\u00e4 opintonsa. Koulupudokkaiden ja poissaolojen m\u00e4\u00e4r\u00e4 on ollut kasvussa kymmenen vuoden ajan ja ilmi\u00f6 on kansainv\u00e4linen. Pandemia ja siit\u00e4 johtunut et\u00e4koulu osaltaan lis\u00e4siv\u00e4t poissaoloja.<\/p>\n\n\n\n<p>Oppivelvollisuuslakia p\u00e4ivitettiin joulukuussa 2020 ja oppivelvollisuutta jatkettiin koskemaan alle 18 vuotiaita nuoria. Kouluvaikeuksista k\u00e4rsiv\u00e4\u00e4 nuorta oppivelvollisuusi\u00e4n nostaminen ei tuo koulunpenkille. Tilastokeskuksen koulutustilastojen mukaan tutkintoon johtavan koulutuksen opiskelijoista 6,8% keskeytti opintonsa. Ammatillisess\u00e4 perustutkintokoulutuksessa keskeytt\u00e4neiden m\u00e4\u00e4r\u00e4 on 13,3%. Lukio- ja korkeakoulututkintoa suorittavilla opiskelijoilla keskeytt\u00e4mislukemat ovat pienemm\u00e4t. Peruskouluissa n. 4000 oppilaalla (2-3% koululaisista) poissaolot vaikeuttavat koulunk\u00e4ynti\u00e4.<\/p>\n\n\n\n<p>Koulujen valmiudet puuttua poissaoloihin ja tukea nuorta ja perhett\u00e4 vaihtelevat. Peruskoulussa tuki saattaa j\u00e4rjesty\u00e4 helpommin. Ammatilliseen opetukseen siirrytt\u00e4ess\u00e4 tuen saaminen vaikeutuu. Koulusta kielt\u00e4ytymisen syit\u00e4 on monia. Taustalla voi olla psyykkiset tai neuropsykiatriset syyt, ahdistuneisuus tai sosiaalisten tilanteiden pelot, my\u00f6s tekem\u00e4tt\u00f6m\u00e4t ty\u00f6t ja sosiaalinen paine voi lis\u00e4t\u00e4 kouluun l\u00e4htemisen vaikeutta. Siksi my\u00f6s nuoren ja perheen tukemiseen tarvitaan erilaisia keinoja.<\/p>\n\n\n\n<p>Riippumatta poissaolon syyst\u00e4 oppilaitoksiin tarvitaan ty\u00f6ntekij\u00f6it\u00e4, jotka ehtiv\u00e4t huomaamaan nuoren tilanteen ja pit\u00e4m\u00e4\u00e4n yhteytt\u00e4 nuoren ja perheen kanssa selvitt\u00e4en yhdess\u00e4 keinoja tilanteen ratkaisemiseksi. Vaikka poissaolon syyksi selvi\u00e4isi lopulta diagnosoitava sairaus, on niiss\u00e4kin tilanteissa useimmiten ensisijaisena apuna keskustelu nuoren kanssa ja keinojen etsiminen nuoren pit\u00e4miseksi mukana kouluty\u00f6ss\u00e4. Vain harvoin sairausloma ja kouluty\u00f6st\u00e4 pois j\u00e4\u00e4minen on nuorta hy\u00f6dytt\u00e4v\u00e4 ratkaisu.<\/p>\n\n\n\n<p>Koulupudokkuus ja koulusta kielt\u00e4ytyminen aiheuttaa huolta koko perheelle ja ilmi\u00f6\u00f6n liittyy sosiaalista h\u00e4pe\u00e4\u00e4. Tukea on saatavilla, mutta tukij\u00e4rjestelm\u00e4t ovat pirstaleiset ja avun saaminen kest\u00e4\u00e4 liian kauan. Tuen tarpeen arviointiin voi helposti kulua kaksi vuotta. Tuen saaminen edellytt\u00e4\u00e4 aktiivisuutta vanhemmilta. Nuoren tarina joudutaan kertomaan lukemattomia kertoja eri toimijoille. Nuori alkaa itsekin uskoa ep\u00e4onniseen tarinaansa ja tilanne voi entisest\u00e4\u00e4n vaikeutua. Nuorelle avun saamiseen kuluva aika on liian pitk\u00e4. Yl\u00e4aste voi kulua tuen tarvetta arvioitaessa. Vaikuttavia ja oikea-aikaisia keinoja tukea nuorta ja perhett\u00e4 tarvitaan.<\/p>\n","protected":false},"excerpt":{"rendered":"<p>Koulut aloittivat ty\u00f6ns\u00e4 t\u00e4ll\u00e4 viikolla. Useimmat lapset odottivat kouluun paluuta. Jossain perheiss\u00e4 koulun alkaminen aiheuttaa ahdistusta ja j\u00e4nnityst\u00e4 siit\u00e4, l\u00e4hteek\u00f6 nuori kouluun vai alkavatko vaikeudet aamuher\u00e4tyksist\u00e4 ja kouluun l\u00e4htemisest\u00e4 nuoren kanssa. Kouluun l\u00e4htemisen vaikeus johtua monesta syyst\u00e4, eik\u00e4 syyn\u00e4 aina ole viitsimisen puute. Koulupudokkaalla tarkoitetaan lasta tai nuorta, joka j\u00e4tt\u00e4\u00e4 oppivelvollisuutensa suorittamatta m\u00e4\u00e4r\u00e4ajassa tai keskeytt\u00e4\u00e4 [&hellip;]<\/p>\n","protected":false},"author":1,"featured_media":329,"comment_status":"open","ping_status":"open","sticky":false,"template":"","format":"standard","meta":{"_lightning_design_setting":{"layout":"default"}},"categories":[15],"tags":[],"_links":{"self":[{"href":"https:\/\/www.sonjahietaranta.fi\/index.php?rest_route=\/wp\/v2\/posts\/325"}],"collection":[{"href":"https:\/\/www.sonjahietaranta.fi\/index.php?rest_route=\/wp\/v2\/posts"}],"about":[{"href":"https:\/\/www.sonjahietaranta.fi\/index.php?rest_route=\/wp\/v2\/types\/post"}],"author":[{"embeddable":true,"href":"https:\/\/www.sonjahietaranta.fi\/index.php?rest_route=\/wp\/v2\/users\/1"}],"replies":[{"embeddable":true,"href":"https:\/\/www.sonjahietaranta.fi\/index.php?rest_route=%2Fwp%2Fv2%2Fcomments&post=325"}],"version-history":[{"count":1,"href":"https:\/\/www.sonjahietaranta.fi\/index.php?rest_route=\/wp\/v2\/posts\/325\/revisions"}],"predecessor-version":[{"id":326,"href":"https:\/\/www.sonjahietaranta.fi\/index.php?rest_route=\/wp\/v2\/posts\/325\/revisions\/326"}],"wp:featuredmedia":[{"embeddable":true,"href":"https:\/\/www.sonjahietaranta.fi\/index.php?rest_route=\/wp\/v2\/media\/329"}],"wp:attachment":[{"href":"https:\/\/www.sonjahietaranta.fi\/index.php?rest_route=%2Fwp%2Fv2%2Fmedia&parent=325"}],"wp:term":[{"taxonomy":"category","embeddable":true,"href":"https:\/\/www.sonjahietaranta.fi\/index.php?rest_route=%2Fwp%2Fv2%2Fcategories&post=325"},{"taxonomy":"post_tag","embeddable":true,"href":"https:\/\/www.sonjahietaranta.fi\/index.php?rest_route=%2Fwp%2Fv2%2Ftags&post=325"}],"curies":[{"name":"wp","href":"https:\/\/api.w.org\/{rel}","templated":true}]}}